{"id":1552,"date":"2024-12-30T11:54:42","date_gmt":"2024-12-30T10:54:42","guid":{"rendered":"https:\/\/www.paulofreitascosta.pt\/pt\/?p=1552"},"modified":"2024-12-30T16:47:26","modified_gmt":"2024-12-30T15:47:26","slug":"uma-nova-etapa-a-partir-de-janeiro-2025-encerramento-de-ciclo-no-hospital-cuf-porto","status":"publish","type":"post","link":"https:\/\/www.paulofreitascosta.pt\/pt\/uma-nova-etapa-a-partir-de-janeiro-2025-encerramento-de-ciclo-no-hospital-cuf-porto\/","title":{"rendered":"Uma nova etapa a partir de Janeiro 2025: Encerramento de Ciclo no Hospital CUF Porto"},"content":{"rendered":"<p>[vc_row css=&#8221;.vc_custom_1563793824693{margin-top: 0px !important;padding-top: 30px !important;}&#8221; el_class=&#8221;blogrow&#8221;][vc_column]<div class=\"aio-icon-component  vc_custom_1565286254178  post-details details-type-link style_1\"><div id=\"Info-box-wrap-9710\" class=\"aio-icon-box left-icon\" style=\"\"  ><div class=\"aio-icon-left\"><div class=\"ult-just-icon-wrapper  \"><div class=\"align-icon\" style=\"text-align:center;\">\n<div class=\"aio-icon none \"  style=\"color:#00a19a;font-size:14px;display:inline-block;\">\n\t<i class=\"fas fa-arrow-left\"><\/i>\n<\/div><\/div><\/div><\/div><div class=\"aio-ibd-block\"><div class=\"aio-icon-header\" ><a class=\"aio-icon-box-link\" href=\"https:\/\/www.paulofreitascosta.pt\/noticias\/\" title=\"Oftalmologia\" ><h3 class=\"aio-icon-title ult-responsive\"  data-ultimate-target='#Info-box-wrap-9710 .aio-icon-title'  data-responsive-json-new='{\"font-size\":\"desktop:14px;\",\"line-height\":\"\"}'  style=\"font-family:&#039;Roboto&#039;;font-weight:700;color:#00a19a;\">Voltar<\/h3><\/a><\/div> <!-- header --><\/div> <!-- aio-ibd-block --><\/div> <!-- aio-icon-box --><\/div> <!-- aio-icon-component -->[vc_empty_space height=&#8221;20px&#8221;][vc_column_text]<\/p>\n<h1>Uma Nova Etapa a partir de Janeiro 2025: Encerramento de Ciclo no Hospital CUF Porto<\/h1>\n<p><span style=\"font-weight: 400;\">Ap\u00f3s mais de 9 anos, percebo que cada vez mais, \u00e9 importante o tempo que dedico aos meus utentes. O tempo, um recurso finito, tornou-se o principal motivo para repensar as minhas prioridades. Abra\u00e7ar m\u00faltiplos projetos \u00e9 enriquecedor, mas tamb\u00e9m pode comprometer a qualidade do tempo dedicado a cada um deles e \u00e0s pessoas neles envolvidas. Assim, optei por concentrar a minha atividade assistencial nos consult\u00f3rios em Amarante (<a href=\"https:\/\/www.paulofreitascosta.pt\/pt\/consultorios\/\">Cl\u00ednica M\u00e9dica Cristal Center<\/a>) e no Porto (<a href=\"https:\/\/www.paulofreitascosta.pt\/pt\/consultorios\/\">UNICL\u00cdNICA<\/a>), priorizando uma pr\u00e1tica m\u00e9dica focada na rela\u00e7\u00e3o humana m\u00e9dico-paciente.<\/span><\/p>\n<p><span style=\"font-weight: 400;\">Deste modo, a partir de janeiro de 2025, deixarei de integrar o corpo cl\u00ednico de Oftalmologia do Hospital CUF Porto. Esta decis\u00e3o, embora dif\u00edcil, reflete a necessidade de reestruturar o meu calend\u00e1rio semanal, harmonizando as minhas responsabilidades enquanto m\u00e9dico, assistencial e cir\u00fargico, professor universit\u00e1rio e investigador, e, acima de tudo, a minha dedica\u00e7\u00e3o \u00e0 fam\u00edlia enquanto pai e marido.<\/span><\/p>\n<p><span style=\"font-weight: 400;\">Iniciei o meu percurso no Hospital CUF Porto em 2015, e esta colabora\u00e7\u00e3o trouxe in\u00fameras aprendizagens. Nunca esta decis\u00e3o foi tomada em ruptura com o grupo CUF, muito menos com as pessoas com quem partilhei mem\u00f3rias, vit\u00f3rias e uma dedica\u00e7\u00e3o plena. Aos colegas m\u00e9dicos, oftalmologistas e de diferentes especialidades, t\u00e9cnicos de ort\u00f3ptica, enfermeiros, assistentes administrativos e auxiliares, o meu profundo agradecimento pelo apoio e pela amizade ao longo destes anos.<\/span><\/p>\n<p><span style=\"font-weight: 400;\">Esta altera\u00e7\u00e3o, ir\u00e1 permitir-me continuar a minha dedica\u00e7\u00e3o ao cuidado oftalmol\u00f3gico, especialmente na subespecialidade de <a href=\"https:\/\/www.paulofreitascosta.pt\/pt\/a-personalizacao-da-oftalmologia-pediatrica\/\">Oftalmologia Pedi\u00e1trica<\/a> e Estrabismo no meu consult\u00f3rio do Porto e de Amarante.<\/span><\/p>\n<p><span style=\"font-weight: 400;\">A inf\u00e2ncia \u00e9 um per\u00edodo cr\u00edtico para o desenvolvimento visual, sendo essencial diagnosticar e tratar precocemente condi\u00e7\u00f5es como a <a href=\"https:\/\/www.paulofreitascosta.pt\/pt\/ambliopia\/\">ambliopia<\/a>, o <a href=\"https:\/\/www.paulofreitascosta.pt\/pt\/estrabismo\/\">estrabismo<\/a>, os <a href=\"https:\/\/www.paulofreitascosta.pt\/pt\/erros-refrativos\/\">erros refrativos<\/a>, entre muitas outras. A pr\u00e1tica centrada no paciente permite, desde a consulta at\u00e9 ao tratamento, dedicar o tempo necess\u00e1rio para ouvir e compreender as preocupa\u00e7\u00f5es, criando um cuidado mais personalizado e eficaz. Sendo o desenvolvimento visual da crian\u00e7a um processo din\u00e2mico, fatores como a estimula\u00e7\u00e3o precoce, o diagn\u00f3stico r\u00e1pido e interven\u00e7\u00f5es adequadas fazem toda a diferen\u00e7a no futuro visual da crian\u00e7a.<\/span><\/p>\n<p><span style=\"font-weight: 400;\">Esta abordagem \u00e9 fundamentada na vis\u00e3o hist\u00f3rica da Oftalmologia Pedi\u00e1trica, que desde o s\u00e9culo XIX evoluiu com a cria\u00e7\u00e3o de hospitais pedi\u00e1tricos e o progresso das t\u00e9cnicas cir\u00fargicas e diagn\u00f3sticas. No entanto, e al\u00e9m disso continuo a acreditar que a sa\u00fade visual de crian\u00e7as e adultos exige mais do que avan\u00e7os tecnol\u00f3gicos: requer tempo, empatia e dedica\u00e7\u00e3o. Este \u00e9 o mote que assumo na minha vida pessoal e profissional.<\/span><\/p>\n<p><span style=\"font-weight: 400;\">Convido todos a conhecerem os consult\u00f3rios e a usufru\u00edrem de um cuidado personalizado, sempre com o foco na rela\u00e7\u00e3o interpessoal.<\/span><\/p>\n<p>&nbsp;<\/p>\n<p><span style=\"font-weight: 400;\">Com os meus melhores cumprimentos,<br \/>\n<\/span><b>(Prof. Doutor) Paulo Freitas da Costa<br \/>\n<\/b><i><span style=\"font-weight: 400;\">Oftalmologia Pedi\u00e1trica &#038; Estrabismo<\/span><\/i>[\/vc_column_text][vc_empty_space height=&#8221;50px&#8221;]<div class=\"hr-thin style-line hr-left\" style=\"width: 14px;border-color: #000000;border-top-width: 3px;\"><\/div>[vc_custom_heading text=&#8221;Artigos relacionadas&#8221; font_container=&#8221;tag:h5|text_align:left|color:%23000000&#8243; use_theme_fonts=&#8221;yes&#8221;]<style type=\"text\/css\" data-type=\"the7_shortcodes-inline-css\">.blog-carousel-shortcode.blog-carousel-shortcode-id-a9f9445c2b672a80d89b7f5736520556.dividers-on.classic-layout-list article {\n  margin-top: ;\n  padding-top: 0;\n  border-color: ;\n}\n.blog-carousel-shortcode.blog-carousel-shortcode-id-a9f9445c2b672a80d89b7f5736520556.dividers-on.classic-layout-list article:first-of-type {\n  margin-top: 0;\n  padding-top: 0;\n}\n.blog-carousel-shortcode.blog-carousel-shortcode-id-a9f9445c2b672a80d89b7f5736520556.classic-layout-list.mode-list .post-thumbnail-wrap {\n  width: ;\n}\n.blog-carousel-shortcode.blog-carousel-shortcode-id-a9f9445c2b672a80d89b7f5736520556.classic-layout-list.mode-list .post-entry-content {\n  width: calc(100% - );\n}\n.blog-carousel-shortcode.blog-carousel-shortcode-id-a9f9445c2b672a80d89b7f5736520556.classic-layout-list.mode-list .no-img .post-entry-content {\n  width: 100%;\n}\n.blog-carousel-shortcode.blog-carousel-shortcode-id-a9f9445c2b672a80d89b7f5736520556.side-overlap-layout-list .post-thumbnail-wrap {\n  width: ;\n}\n.blog-carousel-shortcode.blog-carousel-shortcode-id-a9f9445c2b672a80d89b7f5736520556.side-overlap-layout-list .post-entry-content {\n  width: calc(100% -  + );\n  margin-top: 100px;\n}\n.blog-carousel-shortcode.blog-carousel-shortcode-id-a9f9445c2b672a80d89b7f5736520556.side-overlap-layout-list .no-img .post-entry-content {\n  width: 100%;\n  margin-top: 0;\n}\n.blog-carousel-shortcode.blog-carousel-shortcode-id-a9f9445c2b672a80d89b7f5736520556.side-overlap-layout-list .project-odd .post-entry-content {\n  margin-left: -;\n}\n.rtl .blog-carousel-shortcode.blog-carousel-shortcode-id-a9f9445c2b672a80d89b7f5736520556.side-overlap-layout-list .project-odd .post-entry-content {\n  margin-right: -;\n  margin-left: 0;\n}\n.blog-carousel-shortcode.blog-carousel-shortcode-id-a9f9445c2b672a80d89b7f5736520556.side-overlap-layout-list .no-img.project-odd .post-entry-content {\n  margin-left: 0;\n}\n.rtl .blog-carousel-shortcode.blog-carousel-shortcode-id-a9f9445c2b672a80d89b7f5736520556.side-overlap-layout-list .no-img.project-odd .post-entry-content {\n  margin-right: 0;\n  margin-left: 0;\n}\n.blog-carousel-shortcode.blog-carousel-shortcode-id-a9f9445c2b672a80d89b7f5736520556.side-overlap-layout-list .project-even .post-entry-content {\n  margin-right: -;\n}\n.rtl .blog-carousel-shortcode.blog-carousel-shortcode-id-a9f9445c2b672a80d89b7f5736520556.side-overlap-layout-list .project-even .post-entry-content {\n  margin-left: -;\n  margin-right: 0;\n}\n.blog-carousel-shortcode.blog-carousel-shortcode-id-a9f9445c2b672a80d89b7f5736520556.side-overlap-layout-list .no-img.project-even .post-entry-content {\n  margin-right: 0;\n}\n.rtl .blog-carousel-shortcode.blog-carousel-shortcode-id-a9f9445c2b672a80d89b7f5736520556.side-overlap-layout-list .no-img.project-even .post-entry-content {\n  margin-left: 0;\n  margin-right: 0;\n}\n@media screen and (max-width: ) {\n  #page .blog-carousel-shortcode.blog-carousel-shortcode-id-a9f9445c2b672a80d89b7f5736520556.side-overlap-layout-list .project-odd .post-entry-content {\n    left: 0;\n  }\n  #page .blog-carousel-shortcode.blog-carousel-shortcode-id-a9f9445c2b672a80d89b7f5736520556.side-overlap-layout-list .project-even .post-entry-content {\n    right: 0;\n  }\n}\n.blog-carousel-shortcode.blog-carousel-shortcode-id-a9f9445c2b672a80d89b7f5736520556.bottom-overlap-layout-list .post-entry-content {\n  margin-top: -100px;\n  width: 75%;\n}\n.blog-carousel-shortcode.blog-carousel-shortcode-id-a9f9445c2b672a80d89b7f5736520556.bottom-overlap-layout-list:not(.mode-list) .no-img .post-entry-content {\n  margin-top: 0;\n  width: 100%;\n}\n.blog-carousel-shortcode.blog-carousel-shortcode-id-a9f9445c2b672a80d89b7f5736520556.bottom-overlap-layout-list.mode-list .no-img .post-entry-content {\n  margin-top: 0;\n}\n.blog-carousel-shortcode.blog-carousel-shortcode-id-a9f9445c2b672a80d89b7f5736520556.centered-layout-list article {\n  padding: 15px 20px 20px 20px;\n}\n.blog-carousel-shortcode.blog-carousel-shortcode-id-a9f9445c2b672a80d89b7f5736520556.dividers-on.centered-layout-list article {\n  padding-top: 15px;\n  margin-top: ;\n}\n.blog-carousel-shortcode.blog-carousel-shortcode-id-a9f9445c2b672a80d89b7f5736520556.dividers-on.centered-layout-list article:first-of-type {\n  margin-top: 0;\n  padding-top: 15px;\n}\n.blog-carousel-shortcode.blog-carousel-shortcode-id-a9f9445c2b672a80d89b7f5736520556.centered-layout-list .post-entry-title-content {\n  width: 75%;\n}\n.blog-carousel-shortcode.blog-carousel-shortcode-id-a9f9445c2b672a80d89b7f5736520556.centered-layout-list .post-entry-content {\n  width: 75%;\n}\n.blog-carousel-shortcode.blog-carousel-shortcode-id-a9f9445c2b672a80d89b7f5736520556.centered-layout-list.dividers-on .post-entry-content:after {\n  width: calc(75% - 20px - 20px);\n  background: ;\n}\n#page .blog-carousel-shortcode.blog-carousel-shortcode-id-a9f9445c2b672a80d89b7f5736520556.content-bg-on.gradient-overlap-layout-list .post-entry-content {\n  background: linear-gradient(to bottom,,) no-repeat 0px 150px;\n}\n#page .blog-carousel-shortcode.blog-carousel-shortcode-id-a9f9445c2b672a80d89b7f5736520556.content-bg-on.gradient-overlap-layout-list .no-img .post-entry-content {\n  background: ;\n  padding: 20px 20px 20px 20px;\n}\n#page .blog-carousel-shortcode.blog-carousel-shortcode-id-a9f9445c2b672a80d89b7f5736520556.content-bg-on.gradient-overlap-layout-list .no-img .post-entry-content:before {\n  display: none;\n}\n#page .blog-carousel-shortcode.blog-carousel-shortcode-id-a9f9445c2b672a80d89b7f5736520556.gradient-overlay-layout-list .post-entry-content {\n  background: ;\n}\n.blog-carousel-shortcode.blog-carousel-shortcode-id-a9f9445c2b672a80d89b7f5736520556.gradient-overlay-layout-list:not(.portfolio-shortcode):not(.albums-shortcode) .post-entry-content {\n  top: 0px;\n  right: 0px;\n  bottom: 0px;\n  left: 0px;\n}\n.blog-carousel-shortcode.blog-carousel-shortcode-id-a9f9445c2b672a80d89b7f5736520556.gradient-overlay-layout-list .post-head-wrapper,\n.blog-carousel-shortcode.blog-carousel-shortcode-id-a9f9445c2b672a80d89b7f5736520556.gradient-overlay-layout-list .post-entry-wrapper {\n  right: 20px;\n  left: 20px;\n}\n#page .blog-carousel-shortcode.blog-carousel-shortcode-id-a9f9445c2b672a80d89b7f5736520556.content-rollover-layout-list .post-entry-content {\n  background: none;\n  padding: 0;\n}\n.blog-carousel-shortcode.blog-carousel-shortcode-id-a9f9445c2b672a80d89b7f5736520556.content-rollover-layout-list .post-entry-wrapper {\n  padding: 15px 20px 20px 20px;\n}\n.blog-carousel-shortcode.blog-carousel-shortcode-id-a9f9445c2b672a80d89b7f5736520556.content-rollover-layout-list .post-entry-wrapper {\n  bottom: -15px;\n}\n.blog-carousel-shortcode.blog-carousel-shortcode-id-a9f9445c2b672a80d89b7f5736520556.content-rollover-layout-list.meta-info-off .post-entry-wrapper {\n  bottom: -10px;\n}\n.blog-carousel-shortcode.blog-carousel-shortcode-id-a9f9445c2b672a80d89b7f5736520556.content-rollover-layout-list article:not(.description-off) .post-entry-wrapper {\n  bottom: -20px;\n}\n.blog-carousel-shortcode.blog-carousel-shortcode-id-a9f9445c2b672a80d89b7f5736520556.content-rollover-layout-list:not(.disable-layout-hover) article:hover .post-entry-wrapper {\n  bottom: 0;\n}\n.blog-carousel-shortcode.blog-carousel-shortcode-id-a9f9445c2b672a80d89b7f5736520556 .filter-bg-decoration .filter-categories a.act {\n  color: #fff;\n}\n.blog-carousel-shortcode.blog-carousel-shortcode-id-a9f9445c2b672a80d89b7f5736520556:not(.mode-masonry) article {\n  margin-top: ;\n}\n.blog-carousel-shortcode.blog-carousel-shortcode-id-a9f9445c2b672a80d89b7f5736520556:not(.mode-masonry) article:first-of-type,\n.blog-carousel-shortcode.blog-carousel-shortcode-id-a9f9445c2b672a80d89b7f5736520556:not(.mode-masonry) article.visible.first:not(.product) {\n  margin-top: 0;\n}\n.blog-carousel-shortcode.blog-carousel-shortcode-id-a9f9445c2b672a80d89b7f5736520556.dividers-on:not(.mode-masonry) article {\n  margin-top: 0;\n  padding-top: ;\n}\n.blog-carousel-shortcode.blog-carousel-shortcode-id-a9f9445c2b672a80d89b7f5736520556.dividers-on:not(.mode-masonry) article:first-of-type,\n.blog-carousel-shortcode.blog-carousel-shortcode-id-a9f9445c2b672a80d89b7f5736520556.dividers-on:not(.mode-masonry) article.visible.first:not(.product) {\n  margin-top: 0;\n  padding-top: 0;\n}\n.blog-carousel-shortcode.blog-carousel-shortcode-id-a9f9445c2b672a80d89b7f5736520556 .post-thumbnail-wrap {\n  padding: 0px 0px 0px 0px;\n}\n.blog-carousel-shortcode.blog-carousel-shortcode-id-a9f9445c2b672a80d89b7f5736520556 .gallery-zoom-ico {\n  width: 44px;\n  height: 44px;\n  line-height: 44px;\n  border-radius: 100px;\n  margin: -22px 0 0 -22px;\n  border-width: 0px;\n  color: #ffffff;\n  background: none;\n}\n.bottom-overlap-layout-list.blog-carousel-shortcode.blog-carousel-shortcode-id-a9f9445c2b672a80d89b7f5736520556 .gallery-zoom-ico {\n  margin-top: -72px;\n}\n.gradient-overlay-layout-list.blog-carousel-shortcode.blog-carousel-shortcode-id-a9f9445c2b672a80d89b7f5736520556 .gallery-zoom-ico,\n.content-rollover-layout-list.blog-carousel-shortcode.blog-carousel-shortcode-id-a9f9445c2b672a80d89b7f5736520556 .gallery-zoom-ico {\n  margin: 0 0 10px;\n}\n.content-align-center.gradient-overlay-layout-list.blog-carousel-shortcode.blog-carousel-shortcode-id-a9f9445c2b672a80d89b7f5736520556 .gallery-zoom-ico,\n.content-align-center.content-rollover-layout-list.blog-carousel-shortcode.blog-carousel-shortcode-id-a9f9445c2b672a80d89b7f5736520556 .gallery-zoom-ico {\n  margin: 0 auto 10px;\n}\n.dt-icon-bg-on.blog-carousel-shortcode.blog-carousel-shortcode-id-a9f9445c2b672a80d89b7f5736520556 .gallery-zoom-ico {\n  background: rgba(255,255,255,0.3);\n  -webkit-box-shadow: none;\n  box-shadow: none;\n}\n.blog-carousel-shortcode.blog-carousel-shortcode-id-a9f9445c2b672a80d89b7f5736520556 .gallery-zoom-ico > span,\n.blog-carousel-shortcode.blog-carousel-shortcode-id-a9f9445c2b672a80d89b7f5736520556 .gallery-zoom-ico:before {\n  font-size: 32px;\n  line-height: 44px;\n}\n.blog-carousel-shortcode.blog-carousel-shortcode-id-a9f9445c2b672a80d89b7f5736520556 .gallery-zoom-ico > span,\n.blog-carousel-shortcode.blog-carousel-shortcode-id-a9f9445c2b672a80d89b7f5736520556 .gallery-zoom-ico:before {\n  color: #ffffff;\n  background: none;\n}\n.blog-carousel-shortcode.blog-carousel-shortcode-id-a9f9445c2b672a80d89b7f5736520556 .entry-title,\n.blog-carousel-shortcode.blog-carousel-shortcode-id-a9f9445c2b672a80d89b7f5736520556.owl-carousel .entry-title {\n  margin-bottom: 10px;\n  font-size: 16px;\n  line-height: 20px;\n  font-weight: bold;\n}\n.blog-carousel-shortcode.blog-carousel-shortcode-id-a9f9445c2b672a80d89b7f5736520556 .entry-meta {\n  margin-bottom: 15px;\n}\n.blog-carousel-shortcode.blog-carousel-shortcode-id-a9f9445c2b672a80d89b7f5736520556 .portfolio-categories {\n  margin-bottom: 15px;\n}\n.blog-carousel-shortcode.blog-carousel-shortcode-id-a9f9445c2b672a80d89b7f5736520556 .entry-excerpt {\n  margin-bottom: 5px;\n}\n.blog-carousel-shortcode.blog-carousel-shortcode-id-a9f9445c2b672a80d89b7f5736520556:not(.centered-layout-list) .post-entry-content {\n  padding: 15px 20px 20px 20px;\n}\n.blog-carousel-shortcode.blog-carousel-shortcode-id-a9f9445c2b672a80d89b7f5736520556:not(.centered-layout-list):not(.content-bg-on):not(.mode-list) .no-img .post-entry-content {\n  padding: 0;\n}\n@media screen and (max-width: ) {\n  .blog-carousel-shortcode.blog-carousel-shortcode-id-a9f9445c2b672a80d89b7f5736520556 article {\n    -webkit-flex-flow: column nowrap;\n    -moz-flex-flow: column nowrap;\n    -ms-flex-flow: column nowrap;\n    flex-flow: column nowrap;\n    margin-top: 20px;\n  }\n  .blog-carousel-shortcode.blog-carousel-shortcode-id-a9f9445c2b672a80d89b7f5736520556.dividers-on article {\n    border: none;\n  }\n  .blog-carousel-shortcode.blog-carousel-shortcode-id-a9f9445c2b672a80d89b7f5736520556.content-bg-on.centered-layout-list article {\n    padding: 0;\n  }\n  .blog-carousel-shortcode.blog-carousel-shortcode-id-a9f9445c2b672a80d89b7f5736520556.blog-shortcode.dividers-on article,\n  .blog-carousel-shortcode.blog-carousel-shortcode-id-a9f9445c2b672a80d89b7f5736520556.dividers-on.classic-layout-list article {\n    margin-top: 20px;\n    padding: 0;\n  }\n  .blog-carousel-shortcode.blog-carousel-shortcode-id-a9f9445c2b672a80d89b7f5736520556.blog-shortcode.dividers-on article:first-of-type,\n  .blog-carousel-shortcode.blog-carousel-shortcode-id-a9f9445c2b672a80d89b7f5736520556.dividers-on.classic-layout-list article:first-of-type {\n    padding: 0;\n  }\n  #page .blog-carousel-shortcode.blog-carousel-shortcode-id-a9f9445c2b672a80d89b7f5736520556 .post-thumbnail-wrap,\n  #page .blog-carousel-shortcode.blog-carousel-shortcode-id-a9f9445c2b672a80d89b7f5736520556 .post-entry-content {\n    width: 100%;\n    margin: 0;\n    top: 0;\n  }\n  #page .blog-carousel-shortcode.blog-carousel-shortcode-id-a9f9445c2b672a80d89b7f5736520556 .post-thumbnail-wrap {\n    padding: 0;\n  }\n  #page .blog-carousel-shortcode.blog-carousel-shortcode-id-a9f9445c2b672a80d89b7f5736520556 .post-entry-content:after {\n    display: none;\n  }\n  #page .blog-carousel-shortcode.blog-carousel-shortcode-id-a9f9445c2b672a80d89b7f5736520556 .project-even .post-thumbnail-wrap,\n  #page .blog-carousel-shortcode.blog-carousel-shortcode-id-a9f9445c2b672a80d89b7f5736520556.centered-layout-list .post-thumbnail-wrap {\n    -webkit-order: 0;\n    -moz-order: 0;\n    -ms-flex-order: 0;\n    order: 0;\n  }\n  #page .blog-carousel-shortcode.blog-carousel-shortcode-id-a9f9445c2b672a80d89b7f5736520556.centered-layout-list .post-entry-title-content {\n    -webkit-order: 1;\n    -moz-order: 1;\n    -ms-flex-order: 1;\n    order: 1;\n    width: 100%;\n    padding: 20px 20px 0;\n  }\n  #page .blog-carousel-shortcode.blog-carousel-shortcode-id-a9f9445c2b672a80d89b7f5736520556.centered-layout-list .post-entry-content {\n    -webkit-order: 2;\n    -moz-order: 2;\n    -ms-flex-order: 2;\n    order: 2;\n    padding-top: 0;\n  }\n  #page .blog-carousel-shortcode.blog-carousel-shortcode-id-a9f9445c2b672a80d89b7f5736520556 .fancy-categories {\n    top: 10px;\n    left: 10px;\n    bottom: auto;\n    right: auto;\n  }\n  #page .blog-carousel-shortcode.blog-carousel-shortcode-id-a9f9445c2b672a80d89b7f5736520556 .fancy-date a {\n    top: 10px;\n    right: 10px;\n    left: auto;\n    bottom: auto;\n  }\n  #page .blog-carousel-shortcode.blog-carousel-shortcode-id-a9f9445c2b672a80d89b7f5736520556 .post-entry-content {\n    padding: 20px;\n  }\n  #page .blog-carousel-shortcode.blog-carousel-shortcode-id-a9f9445c2b672a80d89b7f5736520556 .entry-title {\n    margin: 3px 0 5px;\n    font-size: 20px;\n    font-size: 16px;\n    line-height: 26px;\n    line-height: 20px;\n  }\n  #page .blog-carousel-shortcode.blog-carousel-shortcode-id-a9f9445c2b672a80d89b7f5736520556 .entry-meta {\n    margin: 5px 0 5px;\n  }\n  #page .blog-carousel-shortcode.blog-carousel-shortcode-id-a9f9445c2b672a80d89b7f5736520556 .entry-excerpt {\n    margin: 15px 0 0;\n  }\n  #page .blog-carousel-shortcode.blog-carousel-shortcode-id-a9f9445c2b672a80d89b7f5736520556 .post-details {\n    margin: 5px 0 10px;\n  }\n  #page .blog-carousel-shortcode.blog-carousel-shortcode-id-a9f9445c2b672a80d89b7f5736520556 .post-details.details-type-link {\n    margin-bottom: 2px;\n  }\n}\n.blog-carousel-shortcode.blog-carousel-shortcode-id-a9f9445c2b672a80d89b7f5736520556:not(.resize-by-browser-width) .dt-css-grid {\n  grid-row-gap: *2;\n  grid-column-gap: *2;\n  grid-template-columns: repeat(auto-fill,minmax(,1fr));\n}\n.blog-carousel-shortcode.blog-carousel-shortcode-id-a9f9445c2b672a80d89b7f5736520556:not(.resize-by-browser-width) .dt-css-grid .double-width {\n  grid-column: span 2;\n}\n.cssgridlegacy.no-cssgrid .blog-carousel-shortcode.blog-carousel-shortcode-id-a9f9445c2b672a80d89b7f5736520556:not(.resize-by-browser-width) .dt-css-grid,\n.no-cssgridlegacy.no-cssgrid .blog-carousel-shortcode.blog-carousel-shortcode-id-a9f9445c2b672a80d89b7f5736520556:not(.resize-by-browser-width) .dt-css-grid {\n  display: flex;\n  flex-flow: row wrap;\n  margin: -;\n}\n.cssgridlegacy.no-cssgrid .blog-carousel-shortcode.blog-carousel-shortcode-id-a9f9445c2b672a80d89b7f5736520556:not(.resize-by-browser-width) .dt-css-grid .wf-cell,\n.no-cssgridlegacy.no-cssgrid .blog-carousel-shortcode.blog-carousel-shortcode-id-a9f9445c2b672a80d89b7f5736520556:not(.resize-by-browser-width) .dt-css-grid .wf-cell {\n  flex: 1 0 ;\n  min-width: ;\n  max-width: 100%;\n  padding: ;\n  box-sizing: border-box;\n}\n.blog-carousel-shortcode.blog-carousel-shortcode-id-a9f9445c2b672a80d89b7f5736520556.resize-by-browser-width .dt-css-grid {\n  grid-template-columns: repeat(,1fr);\n  grid-template-rows: auto;\n  grid-column-gap: *2;\n  grid-row-gap: *2;\n}\n.blog-carousel-shortcode.blog-carousel-shortcode-id-a9f9445c2b672a80d89b7f5736520556.resize-by-browser-width .dt-css-grid .double-width {\n  grid-column: span 2;\n}\n.cssgridlegacy.no-cssgrid .blog-carousel-shortcode.blog-carousel-shortcode-id-a9f9445c2b672a80d89b7f5736520556.resize-by-browser-width .dt-css-grid {\n  margin: -;\n}\n.cssgridlegacy.no-cssgrid .blog-carousel-shortcode.blog-carousel-shortcode-id-a9f9445c2b672a80d89b7f5736520556.resize-by-browser-width .dt-css-grid .wf-cell {\n  width: 100%\/;\n  padding: ;\n}\n.cssgridlegacy.no-cssgrid .blog-carousel-shortcode.blog-carousel-shortcode-id-a9f9445c2b672a80d89b7f5736520556.resize-by-browser-width .dt-css-grid .wf-cell.double-width {\n  width: calc(100%\/) * 2;\n}\n.blog-carousel-shortcode.blog-carousel-shortcode-id-a9f9445c2b672a80d89b7f5736520556.resize-by-browser-width:not(.centered-layout-list):not(.content-bg-on) .dt-css-grid {\n  grid-row-gap: *2 - 20px;\n}\n@media screen and (max-width: 1199px) {\n  .blog-carousel-shortcode.blog-carousel-shortcode-id-a9f9445c2b672a80d89b7f5736520556.resize-by-browser-width .dt-css-grid {\n    grid-template-columns: repeat(,1fr);\n  }\n  .cssgridlegacy.no-cssgrid .blog-carousel-shortcode.blog-carousel-shortcode-id-a9f9445c2b672a80d89b7f5736520556.resize-by-browser-width .dt-css-grid .wf-cell,\n  .no-cssgridlegacy.no-cssgrid .blog-carousel-shortcode.blog-carousel-shortcode-id-a9f9445c2b672a80d89b7f5736520556.resize-by-browser-width .dt-css-grid .wf-cell {\n    width: 100%\/;\n  }\n  .cssgridlegacy.no-cssgrid .blog-carousel-shortcode.blog-carousel-shortcode-id-a9f9445c2b672a80d89b7f5736520556.resize-by-browser-width .dt-css-grid .wf-cell.double-width,\n  .no-cssgridlegacy.no-cssgrid .blog-carousel-shortcode.blog-carousel-shortcode-id-a9f9445c2b672a80d89b7f5736520556.resize-by-browser-width .dt-css-grid .wf-cell.double-width {\n    width: calc(100%\/)*2;\n  }\n}\n@media screen and (max-width: 991px) {\n  .blog-carousel-shortcode.blog-carousel-shortcode-id-a9f9445c2b672a80d89b7f5736520556.resize-by-browser-width .dt-css-grid {\n    grid-template-columns: repeat(,1fr);\n  }\n  .cssgridlegacy.no-cssgrid .blog-carousel-shortcode.blog-carousel-shortcode-id-a9f9445c2b672a80d89b7f5736520556.resize-by-browser-width .dt-css-grid .wf-cell,\n  .no-cssgridlegacy.no-cssgrid .blog-carousel-shortcode.blog-carousel-shortcode-id-a9f9445c2b672a80d89b7f5736520556.resize-by-browser-width .dt-css-grid .wf-cell {\n    width: 100%\/;\n  }\n  .cssgridlegacy.no-cssgrid .blog-carousel-shortcode.blog-carousel-shortcode-id-a9f9445c2b672a80d89b7f5736520556.resize-by-browser-width .dt-css-grid .wf-cell.double-width,\n  .no-cssgridlegacy.no-cssgrid .blog-carousel-shortcode.blog-carousel-shortcode-id-a9f9445c2b672a80d89b7f5736520556.resize-by-browser-width .dt-css-grid .wf-cell.double-width {\n    width: calc(100%\/)*2;\n  }\n}\n@media screen and (max-width: 767px) {\n  .blog-carousel-shortcode.blog-carousel-shortcode-id-a9f9445c2b672a80d89b7f5736520556.resize-by-browser-width .dt-css-grid {\n    grid-template-columns: repeat(,1fr);\n  }\n  .cssgridlegacy.no-cssgrid .blog-carousel-shortcode.blog-carousel-shortcode-id-a9f9445c2b672a80d89b7f5736520556.resize-by-browser-width .dt-css-grid .wf-cell,\n  .no-cssgridlegacy.no-cssgrid .blog-carousel-shortcode.blog-carousel-shortcode-id-a9f9445c2b672a80d89b7f5736520556.resize-by-browser-width .dt-css-grid .wf-cell {\n    width: 100%\/;\n  }\n  .cssgridlegacy.no-cssgrid .blog-carousel-shortcode.blog-carousel-shortcode-id-a9f9445c2b672a80d89b7f5736520556.resize-by-browser-width .dt-css-grid .wf-cell.double-width,\n  .no-cssgridlegacy.no-cssgrid .blog-carousel-shortcode.blog-carousel-shortcode-id-a9f9445c2b672a80d89b7f5736520556.resize-by-browser-width .dt-css-grid .wf-cell.double-width {\n    width: calc(100%\/)*2;\n  }\n}\n.blog-carousel-shortcode.blog-carousel-shortcode-id-a9f9445c2b672a80d89b7f5736520556 .owl-nav a {\n  width: 36px;\n  height: 36px;\n  border-radius: 500px;\n}\n.dt-arrow-border-on.blog-carousel-shortcode.blog-carousel-shortcode-id-a9f9445c2b672a80d89b7f5736520556 .owl-nav a:not(:hover):before {\n  border-width: 0px;\n}\n.dt-arrow-hover-border-on.blog-carousel-shortcode.blog-carousel-shortcode-id-a9f9445c2b672a80d89b7f5736520556 .owl-nav a:hover:after {\n  border-width: 0px;\n}\n.blog-carousel-shortcode.blog-carousel-shortcode-id-a9f9445c2b672a80d89b7f5736520556 .owl-nav a.owl-prev {\n  top: 50%;\n  transform: translateY(calc(-50% + 0px));\n  left: -43px;\n}\n@media all and (-ms-high-contrast: none) {\n  .blog-carousel-shortcode.blog-carousel-shortcode-id-a9f9445c2b672a80d89b7f5736520556 .owl-nav a.owl-prev {\n    transform: translateY(-50%);\n    margin-top: 0px;\n  }\n}\n.blog-carousel-shortcode.blog-carousel-shortcode-id-a9f9445c2b672a80d89b7f5736520556 .owl-nav a.owl-prev i {\n  padding: 0px 0px 0px 0px;\n}\n.blog-carousel-shortcode.blog-carousel-shortcode-id-a9f9445c2b672a80d89b7f5736520556 .owl-nav a.owl-next {\n  top: 50%;\n  transform: translateY(calc(-50% + 0px));\n  right: -43px;\n}\n@media all and (-ms-high-contrast: none) {\n  .blog-carousel-shortcode.blog-carousel-shortcode-id-a9f9445c2b672a80d89b7f5736520556 .owl-nav a.owl-next {\n    transform: translateY(-50%);\n    margin-top: 0px;\n  }\n}\n.blog-carousel-shortcode.blog-carousel-shortcode-id-a9f9445c2b672a80d89b7f5736520556 .owl-nav a.owl-next i {\n  padding: 0px 0px 0px 0px;\n}\n.blog-carousel-shortcode.blog-carousel-shortcode-id-a9f9445c2b672a80d89b7f5736520556 .owl-nav i {\n  font-size: 18px;\n}\n.blog-carousel-shortcode.blog-carousel-shortcode-id-a9f9445c2b672a80d89b7f5736520556 .owl-nav a:not(:hover) i,\n.blog-carousel-shortcode.blog-carousel-shortcode-id-a9f9445c2b672a80d89b7f5736520556 .owl-nav a:not(:hover) i:before {\n  color: #ffffff;\n  background: none;\n}\n.blog-carousel-shortcode.blog-carousel-shortcode-id-a9f9445c2b672a80d89b7f5736520556 .owl-nav a:hover i,\n.blog-carousel-shortcode.blog-carousel-shortcode-id-a9f9445c2b672a80d89b7f5736520556 .owl-nav a:hover i:before {\n  color: rgba(255,255,255,0.75);\n  background: none;\n}\n.blog-carousel-shortcode.blog-carousel-shortcode-id-a9f9445c2b672a80d89b7f5736520556 .owl-dots {\n  top: calc(100% + 20px);\n  left: 50%;\n  transform: translateX(calc(-50% + 0px));\n}\n@media all and (-ms-high-contrast: none) {\n  .blog-carousel-shortcode.blog-carousel-shortcode-id-a9f9445c2b672a80d89b7f5736520556 .owl-dots {\n    transform: translateX(-50%);\n    margin-left: 0px;\n  }\n}\n.blog-carousel-shortcode.blog-carousel-shortcode-id-a9f9445c2b672a80d89b7f5736520556 .owl-dot {\n  width: 10px;\n  height: 10px;\n  margin: 0 8px;\n}\n.bullets-scale-up.blog-carousel-shortcode.blog-carousel-shortcode-id-a9f9445c2b672a80d89b7f5736520556 .owl-dot:not(.active):not(:hover) span {\n  background: #00a19a;\n  -webkit-box-shadow: none;\n  box-shadow: none;\n}\n.bullets-scale-up.blog-carousel-shortcode.blog-carousel-shortcode-id-a9f9445c2b672a80d89b7f5736520556 .owl-dot:not(.active):hover span,\n.bullets-scale-up.blog-carousel-shortcode.blog-carousel-shortcode-id-a9f9445c2b672a80d89b7f5736520556 .owl-dot.active span {\n  background: #000000;\n  -webkit-box-shadow: none;\n  box-shadow: none;\n}\n.bullets-stroke.blog-carousel-shortcode.blog-carousel-shortcode-id-a9f9445c2b672a80d89b7f5736520556 .owl-dot:not(.active):not(:hover) span {\n  background: #00a19a;\n  -webkit-box-shadow: none;\n  box-shadow: none;\n}\n.bullets-stroke.blog-carousel-shortcode.blog-carousel-shortcode-id-a9f9445c2b672a80d89b7f5736520556 .owl-dot:not(.active):hover span {\n  background: #000000;\n  -webkit-box-shadow: none;\n  box-shadow: none;\n}\n.bullets-stroke.blog-carousel-shortcode.blog-carousel-shortcode-id-a9f9445c2b672a80d89b7f5736520556 .owl-dot.active span {\n  -webkit-box-shadow: 0 0 0 2px #000000;\n  box-shadow: 0 0 0 2px #000000;\n}\n.bullets-fill-in.blog-carousel-shortcode.blog-carousel-shortcode-id-a9f9445c2b672a80d89b7f5736520556 .owl-dot:not(.active):not(:hover) span {\n  -webkit-box-shadow: inset 0 0 0 2px #00a19a;\n  box-shadow: inset 0 0 0 2px #00a19a;\n}\n.bullets-fill-in.blog-carousel-shortcode.blog-carousel-shortcode-id-a9f9445c2b672a80d89b7f5736520556 .owl-dot:not(.active):hover span {\n  -webkit-box-shadow: inset 0 0 0 2px #000000;\n  box-shadow: inset 0 0 0 2px #000000;\n}\n.bullets-fill-in.blog-carousel-shortcode.blog-carousel-shortcode-id-a9f9445c2b672a80d89b7f5736520556 .owl-dot.active span {\n  -webkit-box-shadow: inset 0 0 0 20px #000000;\n  box-shadow: inset 0 0 0 20px #000000;\n}\n.bullets-small-dot-stroke.blog-carousel-shortcode.blog-carousel-shortcode-id-a9f9445c2b672a80d89b7f5736520556 .owl-dot:not(.active):not(:hover) span {\n  background: #00a19a;\n  -webkit-box-shadow: none;\n  box-shadow: none;\n}\n.bullets-small-dot-stroke.blog-carousel-shortcode.blog-carousel-shortcode-id-a9f9445c2b672a80d89b7f5736520556 .owl-dot:not(.active):hover span,\n.bullets-small-dot-stroke.blog-carousel-shortcode.blog-carousel-shortcode-id-a9f9445c2b672a80d89b7f5736520556 .owl-dot.active span {\n  background: #000000;\n  -webkit-box-shadow: none;\n  box-shadow: none;\n}\n.bullets-small-dot-stroke.blog-carousel-shortcode.blog-carousel-shortcode-id-a9f9445c2b672a80d89b7f5736520556 .owl-dot.active {\n  -webkit-box-shadow: 0 0 0 2px #000000;\n  box-shadow: 0 0 0 2px #000000;\n}\n.bullets-ubax.blog-carousel-shortcode.blog-carousel-shortcode-id-a9f9445c2b672a80d89b7f5736520556 .owl-dot span {\n  background: #00a19a;\n  -webkit-box-shadow: none;\n  box-shadow: none;\n}\n.bullets-ubax.blog-carousel-shortcode.blog-carousel-shortcode-id-a9f9445c2b672a80d89b7f5736520556 .owl-dot.active span {\n  border-color: #000000;\n}\n.bullets-ubax.blog-carousel-shortcode.blog-carousel-shortcode-id-a9f9445c2b672a80d89b7f5736520556 .owl-dot:not(.active):hover span {\n  background: #000000;\n  -webkit-box-shadow: none;\n  box-shadow: none;\n}\n.bullets-etefu.blog-carousel-shortcode.blog-carousel-shortcode-id-a9f9445c2b672a80d89b7f5736520556 .owl-dot span {\n  background: #00a19a;\n  -webkit-box-shadow: none;\n  box-shadow: none;\n}\n.bullets-etefu.blog-carousel-shortcode.blog-carousel-shortcode-id-a9f9445c2b672a80d89b7f5736520556 .owl-dot:not(.active):hover span {\n  background: #000000;\n  -webkit-box-shadow: none;\n  box-shadow: none;\n}\n.bullets-etefu.blog-carousel-shortcode.blog-carousel-shortcode-id-a9f9445c2b672a80d89b7f5736520556 .owl-dot span:before {\n  background: #000000;\n  -webkit-box-shadow: none;\n  box-shadow: none;\n}\n.accent-gradient .bullets-etefu.blog-carousel-shortcode.blog-carousel-shortcode-id-a9f9445c2b672a80d89b7f5736520556 .owl-dot span:before {\n  background: #000000;\n  -webkit-box-shadow: none;\n  box-shadow: none;\n}\n@media screen and (max-width: 778px) {\n  .blog-carousel-shortcode.blog-carousel-shortcode-id-a9f9445c2b672a80d89b7f5736520556.hide-arrows .owl-nav a {\n    display: none;\n  }\n}\n@media screen and (max-width: 778px) {\n  .blog-carousel-shortcode.blog-carousel-shortcode-id-a9f9445c2b672a80d89b7f5736520556.reposition-arrows .owl-nav .owl-prev {\n    top: 50%;\n    transform: translateY(calc(-50% + 0px));\n    left: 10px;\n  }\n  .blog-carousel-shortcode.blog-carousel-shortcode-id-a9f9445c2b672a80d89b7f5736520556.reposition-arrows .owl-nav .owl-next {\n    top: 50%;\n    transform: translateY(calc(-50% + 0px));\n    right: 10px;\n  }\n}\n@media screen and (max-width: 778px) and all and (-ms-high-contrast: none) {\n  .blog-carousel-shortcode.blog-carousel-shortcode-id-a9f9445c2b672a80d89b7f5736520556.reposition-arrows .owl-nav .owl-prev {\n    transform: translateY(-50%);\n    margin-top: 0px;\n  }\n}\n@media screen and (max-width: 778px) and all and (-ms-high-contrast: none) {\n  .blog-carousel-shortcode.blog-carousel-shortcode-id-a9f9445c2b672a80d89b7f5736520556.reposition-arrows .owl-nav .owl-next {\n    transform: translateY(-50%);\n    margin-top: 0px;\n  }\n}\n<\/style><div class=\"owl-carousel blog-carousel-shortcode dt-owl-carousel-call blog-carousel-shortcode-id-a9f9445c2b672a80d89b7f5736520556 classic-layout-list dt-icon-bg-off dt-arrow-border-on dt-arrow-hover-border-on meta-info-off bullets-small-dot-stroke reposition-arrows arrows-bg-on disable-arrows-hover-bg arrows-hover-bg-on  nextArticlesBlog\" data-scroll-mode=\"1\" data-col-num=\"3\" data-wide-col-num=\"4\" data-laptop-col=\"3\" data-h-tablet-columns-num=\"3\" data-v-tablet-columns-num=\"1\" data-phone-columns-num=\"1\" data-auto-height=\"true\" data-col-gap=\"30\" data-speed=\"600\" data-autoplay=\"false\" data-autoplay_speed=\"6000\" data-arrows=\"false\" data-bullet=\"true\" data-next-icon=\"icon-ar-017-r\" data-prev-icon=\"icon-ar-017-l\"><article class=\"post post-1581 type-post status-publish format-standard has-post-thumbnail hentry category-noticias category-6 description-off\" data-name=\"Miopia na inf\u00e2ncia: como travar a sua progress\u00e3o com base na evid\u00eancia cient\u00edfica\" data-date=\"2025-07-24T12:17:01+01:00\">\n\n<div class=\"post-thumbnail-wrap\">\n\t<div class=\"post-thumbnail\">\n\t\t\n\t\t\n\t\t<a href=\"https:\/\/www.paulofreitascosta.pt\/pt\/miopia-na-infancia-como-travar-a-sua-progressao-com-base-na-evidencia-cientifica\/\" class=\"post-thumbnail-rollover layzr-bg\" ><img loading=\"lazy\" decoding=\"async\" class=\"preload-me owl-lazy-load\" src=\"data:image\/svg+xml,%3Csvg%20xmlns%3D&#39;http%3A%2F%2Fwww.w3.org%2F2000%2Fsvg&#39;%20viewBox%3D&#39;0%200%20890%20593&#39;%2F%3E\" data-src=\"https:\/\/www.paulofreitascosta.pt\/wp-content\/uploads\/2025\/07\/edi-libedinsky-1bhp9zBPHVE-unsplash_low-890x593.jpg\" data-srcset=\"https:\/\/www.paulofreitascosta.pt\/wp-content\/uploads\/2025\/07\/edi-libedinsky-1bhp9zBPHVE-unsplash_low-890x593.jpg 890w, https:\/\/www.paulofreitascosta.pt\/wp-content\/uploads\/2025\/07\/edi-libedinsky-1bhp9zBPHVE-unsplash_low-1335x890.jpg 1335w\" alt=\"Childhood Myopia\" title=\"Childhood Myopia\" width=\"890\" height=\"593\"  \/><\/a>\t<\/div>\n<\/div>\n\n\n<div class=\"post-entry-content\">\n\n\t<h3 class=\"entry-title\">\n\t\t<a href=\"https:\/\/www.paulofreitascosta.pt\/pt\/miopia-na-infancia-como-travar-a-sua-progressao-com-base-na-evidencia-cientifica\/\" title=\"Miopia na inf\u00e2ncia: como travar a sua progress\u00e3o com base na evid\u00eancia cient\u00edfica\" rel=\"bookmark\">Miopia na inf\u00e2ncia: como travar a sua progress\u00e3o com base na evid\u00eancia cient\u00edfica<\/a>\n\t<\/h3>\n\n\t\n\t\n\t<a href=\"https:\/\/www.paulofreitascosta.pt\/pt\/miopia-na-infancia-como-travar-a-sua-progressao-com-base-na-evidencia-cientifica\/\" class=\"post-details details-type-link\" rel=\"nofollow\">Read more<i class=\"fa fa-caret-right\" aria-hidden=\"true\"><\/i><\/a>\n<\/div><\/article><article class=\"post post-1576 type-post status-publish format-standard has-post-thumbnail hentry category-noticias category-6 description-off\" data-name=\"Ambliopia (&#8220;Olho Pregui\u00e7oso&#8221;): Tratamento e Alternativas ao Penso Ocular\" data-date=\"2025-07-22T11:40:11+01:00\">\n\n<div class=\"post-thumbnail-wrap\">\n\t<div class=\"post-thumbnail\">\n\t\t\n\t\t\n\t\t<a href=\"https:\/\/www.paulofreitascosta.pt\/pt\/ambliopia-olho-preguicoso-tratamento-e-alternativas-ao-penso-ocular\/\" class=\"post-thumbnail-rollover layzr-bg\" ><img loading=\"lazy\" decoding=\"async\" class=\"preload-me owl-lazy-load\" src=\"data:image\/svg+xml,%3Csvg%20xmlns%3D&#39;http%3A%2F%2Fwww.w3.org%2F2000%2Fsvg&#39;%20viewBox%3D&#39;0%200%20890%20593&#39;%2F%3E\" data-src=\"https:\/\/www.paulofreitascosta.pt\/wp-content\/uploads\/2025\/07\/AdobeStock_351351248_low-890x593.jpg\" data-srcset=\"https:\/\/www.paulofreitascosta.pt\/wp-content\/uploads\/2025\/07\/AdobeStock_351351248_low-890x593.jpg 890w, https:\/\/www.paulofreitascosta.pt\/wp-content\/uploads\/2025\/07\/AdobeStock_351351248_low-1335x890.jpg 1335w\" alt=\"Ambliopia: Tratamento e Alternativas ao Penso Ocular\" title=\"Eye patch &#8211; lazy eye &#8211; amblyopia\" width=\"890\" height=\"593\"  \/><\/a>\t<\/div>\n<\/div>\n\n\n<div class=\"post-entry-content\">\n\n\t<h3 class=\"entry-title\">\n\t\t<a href=\"https:\/\/www.paulofreitascosta.pt\/pt\/ambliopia-olho-preguicoso-tratamento-e-alternativas-ao-penso-ocular\/\" title=\"Ambliopia (&#8220;Olho Pregui\u00e7oso&#8221;): Tratamento e Alternativas ao Penso Ocular\" rel=\"bookmark\">Ambliopia (&#8220;Olho Pregui\u00e7oso&#8221;): Tratamento e Alternativas ao Penso Ocular<\/a>\n\t<\/h3>\n\n\t\n\t\n\t<a href=\"https:\/\/www.paulofreitascosta.pt\/pt\/ambliopia-olho-preguicoso-tratamento-e-alternativas-ao-penso-ocular\/\" class=\"post-details details-type-link\" rel=\"nofollow\">Read more<i class=\"fa fa-caret-right\" aria-hidden=\"true\"><\/i><\/a>\n<\/div><\/article><article class=\"post post-1552 type-post status-publish format-standard has-post-thumbnail hentry category-noticias category-6 description-off\" data-name=\"Uma nova etapa a partir de Janeiro 2025: Encerramento de Ciclo no Hospital CUF Porto\" data-date=\"2024-12-30T11:54:42+01:00\">\n\n<div class=\"post-thumbnail-wrap\">\n\t<div class=\"post-thumbnail\">\n\t\t\n\t\t\n\t\t<a href=\"https:\/\/www.paulofreitascosta.pt\/pt\/uma-nova-etapa-a-partir-de-janeiro-2025-encerramento-de-ciclo-no-hospital-cuf-porto\/\" class=\"post-thumbnail-rollover layzr-bg\" ><img loading=\"lazy\" decoding=\"async\" class=\"preload-me owl-lazy-load\" src=\"data:image\/svg+xml,%3Csvg%20xmlns%3D&#39;http%3A%2F%2Fwww.w3.org%2F2000%2Fsvg&#39;%20viewBox%3D&#39;0%200%20890%20593&#39;%2F%3E\" data-src=\"https:\/\/www.paulofreitascosta.pt\/wp-content\/uploads\/2024\/12\/unnamed-1_low-890x593.jpg\" data-srcset=\"https:\/\/www.paulofreitascosta.pt\/wp-content\/uploads\/2024\/12\/unnamed-1_low-890x593.jpg 890w, https:\/\/www.paulofreitascosta.pt\/wp-content\/uploads\/2024\/12\/unnamed-1_low-1335x890.jpg 1335w\" alt=\"Dr Paulo Freitas da Costa\" title=\"Dr Paulo Freitas da Costa\" width=\"890\" height=\"593\"  \/><\/a>\t<\/div>\n<\/div>\n\n\n<div class=\"post-entry-content\">\n\n\t<h3 class=\"entry-title\">\n\t\t<a href=\"https:\/\/www.paulofreitascosta.pt\/pt\/uma-nova-etapa-a-partir-de-janeiro-2025-encerramento-de-ciclo-no-hospital-cuf-porto\/\" title=\"Uma nova etapa a partir de Janeiro 2025: Encerramento de Ciclo no Hospital CUF Porto\" rel=\"bookmark\">Uma nova etapa a partir de Janeiro 2025: Encerramento de Ciclo no Hospital CUF Porto<\/a>\n\t<\/h3>\n\n\t\n\t\n\t<a href=\"https:\/\/www.paulofreitascosta.pt\/pt\/uma-nova-etapa-a-partir-de-janeiro-2025-encerramento-de-ciclo-no-hospital-cuf-porto\/\" class=\"post-details details-type-link\" rel=\"nofollow\">Read more<i class=\"fa fa-caret-right\" aria-hidden=\"true\"><\/i><\/a>\n<\/div><\/article><article class=\"post post-1529 type-post status-publish format-standard has-post-thumbnail hentry category-noticias category-6 description-off\" data-name=\"Novo Consult\u00f3rio no Porto &#8211; UNICL\u00cdNICA. Reflex\u00f5es sobre Humaniza\u00e7\u00e3o e Qualidade no Atendimento M\u00e9dico\" data-date=\"2024-10-01T13:14:06+01:00\">\n\n<div class=\"post-thumbnail-wrap\">\n\t<div class=\"post-thumbnail\">\n\t\t\n\t\t\n\t\t<a href=\"https:\/\/www.paulofreitascosta.pt\/pt\/novo-consultorio-no-porto-uniclinica-reflexoes-sobre-humanizacao-e-qualidade-no-atendimento-medico\/\" class=\"post-thumbnail-rollover layzr-bg\" ><img loading=\"lazy\" decoding=\"async\" class=\"preload-me owl-lazy-load\" src=\"data:image\/svg+xml,%3Csvg%20xmlns%3D&#39;http%3A%2F%2Fwww.w3.org%2F2000%2Fsvg&#39;%20viewBox%3D&#39;0%200%20890%20593&#39;%2F%3E\" data-src=\"https:\/\/www.paulofreitascosta.pt\/wp-content\/uploads\/2024\/10\/ABF323D5-95B5-4E61-A707-14E13CB8FCB3-2408-000000D857DA509E_v2-890x593.jpg\" data-srcset=\"https:\/\/www.paulofreitascosta.pt\/wp-content\/uploads\/2024\/10\/ABF323D5-95B5-4E61-A707-14E13CB8FCB3-2408-000000D857DA509E_v2-890x593.jpg 890w, https:\/\/www.paulofreitascosta.pt\/wp-content\/uploads\/2024\/10\/ABF323D5-95B5-4E61-A707-14E13CB8FCB3-2408-000000D857DA509E_v2-1335x890.jpg 1335w\" alt=\"Novo Consult\u00f3rio - Dr. Paulo Freitas da Costa\" title=\"Novo Consult\u00f3rio &#8211; Dr. Paulo Freitas da Costa\" width=\"890\" height=\"593\"  \/><\/a>\t<\/div>\n<\/div>\n\n\n<div class=\"post-entry-content\">\n\n\t<h3 class=\"entry-title\">\n\t\t<a href=\"https:\/\/www.paulofreitascosta.pt\/pt\/novo-consultorio-no-porto-uniclinica-reflexoes-sobre-humanizacao-e-qualidade-no-atendimento-medico\/\" title=\"Novo Consult\u00f3rio no Porto &#8211; UNICL\u00cdNICA. Reflex\u00f5es sobre Humaniza\u00e7\u00e3o e Qualidade no Atendimento M\u00e9dico\" rel=\"bookmark\">Novo Consult\u00f3rio no Porto &#8211; UNICL\u00cdNICA. Reflex\u00f5es sobre Humaniza\u00e7\u00e3o e Qualidade no Atendimento M\u00e9dico<\/a>\n\t<\/h3>\n\n\t\n\t\n\t<a href=\"https:\/\/www.paulofreitascosta.pt\/pt\/novo-consultorio-no-porto-uniclinica-reflexoes-sobre-humanizacao-e-qualidade-no-atendimento-medico\/\" class=\"post-details details-type-link\" rel=\"nofollow\">Read more<i class=\"fa fa-caret-right\" aria-hidden=\"true\"><\/i><\/a>\n<\/div><\/article><\/div>[\/vc_column][vc_column][\/vc_column][\/vc_row]<\/p>\n","protected":false},"excerpt":{"rendered":"<p>A partir de janeiro de 2025, deixarei de integrar o corpo cl\u00ednico de Oftalmologia do Hospital CUF Porto. Esta decis\u00e3o, embora dif\u00edcil, reflete a necessidade de reestruturar o meu calend\u00e1rio semanal, harmonizando as minhas responsabilidades enquanto m\u00e9dico, assistencial e cir\u00fargico, professor universit\u00e1rio e investigador, e, acima de tudo, a minha dedica\u00e7\u00e3o \u00e0 fam\u00edlia enquanto pai e marido.<\/p>\n","protected":false},"author":2,"featured_media":1566,"comment_status":"closed","ping_status":"open","sticky":false,"template":"","format":"standard","meta":[],"categories":[6],"tags":[],"class_list":["post-1552","post","type-post","status-publish","format-standard","has-post-thumbnail","hentry","category-noticias","category-6","description-off"],"yoast_head":"<!-- This site is optimized with the Yoast SEO plugin v25.9 - https:\/\/yoast.com\/wordpress\/plugins\/seo\/ -->\n<title>Encerramento de Ciclo no Hospital CUF Porto, a partir de Jan 2025<\/title>\n<meta name=\"description\" content=\"Esta decis\u00e3o, embora dif\u00edcil, reflete a necessidade de reestruturar, harmonizando as minhas responsabilidades enquanto m\u00e9dico.\" \/>\n<meta name=\"robots\" content=\"index, follow, max-snippet:-1, max-image-preview:large, max-video-preview:-1\" \/>\n<link rel=\"canonical\" href=\"https:\/\/www.paulofreitascosta.pt\/pt\/uma-nova-etapa-a-partir-de-janeiro-2025-encerramento-de-ciclo-no-hospital-cuf-porto\/\" \/>\n<meta property=\"og:locale\" content=\"pt_PT\" \/>\n<meta property=\"og:locale:alternate\" content=\"en\" \/>\n<meta property=\"og:type\" content=\"article\" \/>\n<meta property=\"og:title\" content=\"Encerramento de Ciclo no Hospital CUF Porto, a partir de Jan 2025\" \/>\n<meta property=\"og:description\" content=\"Esta decis\u00e3o, embora dif\u00edcil, reflete a necessidade de reestruturar, harmonizando as minhas responsabilidades enquanto m\u00e9dico.\" \/>\n<meta property=\"og:url\" content=\"https:\/\/www.paulofreitascosta.pt\/pt\/uma-nova-etapa-a-partir-de-janeiro-2025-encerramento-de-ciclo-no-hospital-cuf-porto\/\" \/>\n<meta property=\"og:site_name\" content=\"Dr. Paulo Freitas da Costa - Especialista de Oftalmologia e Oftalmologia Pedi\u00e1trica\" \/>\n<meta property=\"article:published_time\" content=\"2024-12-30T10:54:42+00:00\" \/>\n<meta property=\"article:modified_time\" content=\"2024-12-30T15:47:26+00:00\" \/>\n<meta property=\"og:image\" content=\"https:\/\/www.paulofreitascosta.pt\/wp-content\/uploads\/2024\/12\/unnamed-1_low.jpg\" \/>\n\t<meta property=\"og:image:width\" content=\"1800\" \/>\n\t<meta property=\"og:image:height\" content=\"1200\" \/>\n\t<meta property=\"og:image:type\" content=\"image\/jpeg\" \/>\n<meta name=\"author\" content=\"S\u00e9rgio\" \/>\n<meta name=\"twitter:card\" content=\"summary_large_image\" \/>\n<script type=\"application\/ld+json\" class=\"yoast-schema-graph\">{\"@context\":\"https:\/\/schema.org\",\"@graph\":[{\"@type\":\"Article\",\"@id\":\"https:\/\/www.paulofreitascosta.pt\/en\/uma-nova-etapa-a-partir-de-janeiro-2025-encerramento-de-ciclo-no-hospital-cuf-porto\/#article\",\"isPartOf\":{\"@id\":\"https:\/\/www.paulofreitascosta.pt\/en\/uma-nova-etapa-a-partir-de-janeiro-2025-encerramento-de-ciclo-no-hospital-cuf-porto\/\"},\"author\":{\"name\":\"S\u00e9rgio\",\"@id\":\"https:\/\/www.paulofreitascosta.pt\/pt\/#\/schema\/person\/aaf468ef543eee53a7a67232a80f0a1c\"},\"headline\":\"Uma nova etapa a partir de Janeiro 2025: Encerramento de Ciclo no Hospital CUF Porto\",\"datePublished\":\"2024-12-30T10:54:42+00:00\",\"dateModified\":\"2024-12-30T15:47:26+00:00\",\"mainEntityOfPage\":{\"@id\":\"https:\/\/www.paulofreitascosta.pt\/en\/uma-nova-etapa-a-partir-de-janeiro-2025-encerramento-de-ciclo-no-hospital-cuf-porto\/\"},\"wordCount\":1415,\"publisher\":{\"@id\":\"https:\/\/www.paulofreitascosta.pt\/pt\/#organization\"},\"image\":{\"@id\":\"https:\/\/www.paulofreitascosta.pt\/en\/uma-nova-etapa-a-partir-de-janeiro-2025-encerramento-de-ciclo-no-hospital-cuf-porto\/#primaryimage\"},\"thumbnailUrl\":\"https:\/\/www.paulofreitascosta.pt\/wp-content\/uploads\/2024\/12\/unnamed-1_low.jpg\",\"articleSection\":[\"noticias\"],\"inLanguage\":\"pt-PT\"},{\"@type\":\"WebPage\",\"@id\":\"https:\/\/www.paulofreitascosta.pt\/en\/uma-nova-etapa-a-partir-de-janeiro-2025-encerramento-de-ciclo-no-hospital-cuf-porto\/\",\"url\":\"https:\/\/www.paulofreitascosta.pt\/en\/uma-nova-etapa-a-partir-de-janeiro-2025-encerramento-de-ciclo-no-hospital-cuf-porto\/\",\"name\":\"Encerramento de Ciclo no Hospital CUF Porto, a partir de Jan 2025\",\"isPartOf\":{\"@id\":\"https:\/\/www.paulofreitascosta.pt\/pt\/#website\"},\"primaryImageOfPage\":{\"@id\":\"https:\/\/www.paulofreitascosta.pt\/en\/uma-nova-etapa-a-partir-de-janeiro-2025-encerramento-de-ciclo-no-hospital-cuf-porto\/#primaryimage\"},\"image\":{\"@id\":\"https:\/\/www.paulofreitascosta.pt\/en\/uma-nova-etapa-a-partir-de-janeiro-2025-encerramento-de-ciclo-no-hospital-cuf-porto\/#primaryimage\"},\"thumbnailUrl\":\"https:\/\/www.paulofreitascosta.pt\/wp-content\/uploads\/2024\/12\/unnamed-1_low.jpg\",\"datePublished\":\"2024-12-30T10:54:42+00:00\",\"dateModified\":\"2024-12-30T15:47:26+00:00\",\"description\":\"Esta decis\u00e3o, embora dif\u00edcil, reflete a necessidade de reestruturar, harmonizando as minhas responsabilidades enquanto m\u00e9dico.\",\"breadcrumb\":{\"@id\":\"https:\/\/www.paulofreitascosta.pt\/en\/uma-nova-etapa-a-partir-de-janeiro-2025-encerramento-de-ciclo-no-hospital-cuf-porto\/#breadcrumb\"},\"inLanguage\":\"pt-PT\",\"potentialAction\":[{\"@type\":\"ReadAction\",\"target\":[\"https:\/\/www.paulofreitascosta.pt\/en\/uma-nova-etapa-a-partir-de-janeiro-2025-encerramento-de-ciclo-no-hospital-cuf-porto\/\"]}]},{\"@type\":\"ImageObject\",\"inLanguage\":\"pt-PT\",\"@id\":\"https:\/\/www.paulofreitascosta.pt\/en\/uma-nova-etapa-a-partir-de-janeiro-2025-encerramento-de-ciclo-no-hospital-cuf-porto\/#primaryimage\",\"url\":\"https:\/\/www.paulofreitascosta.pt\/wp-content\/uploads\/2024\/12\/unnamed-1_low.jpg\",\"contentUrl\":\"https:\/\/www.paulofreitascosta.pt\/wp-content\/uploads\/2024\/12\/unnamed-1_low.jpg\",\"width\":1800,\"height\":1200,\"caption\":\"Dr Paulo Freitas da Costa\"},{\"@type\":\"BreadcrumbList\",\"@id\":\"https:\/\/www.paulofreitascosta.pt\/en\/uma-nova-etapa-a-partir-de-janeiro-2025-encerramento-de-ciclo-no-hospital-cuf-porto\/#breadcrumb\",\"itemListElement\":[{\"@type\":\"ListItem\",\"position\":1,\"name\":\"Home\",\"item\":\"https:\/\/www.paulofreitascosta.pt\/pt\/\"},{\"@type\":\"ListItem\",\"position\":2,\"name\":\"A New Chapter Starting January 2025: Closing a Cycle at CUF Porto Hospital\"}]},{\"@type\":\"WebSite\",\"@id\":\"https:\/\/www.paulofreitascosta.pt\/pt\/#website\",\"url\":\"https:\/\/www.paulofreitascosta.pt\/pt\/\",\"name\":\"Dr. Paulo Freitas da Costa - Especialista de Oftalmologia e Oftalmologia Pedi\u00e1trica\",\"description\":\"Especialista de Oftalmologia e Oftalmologia Pedi\u00e1trica\",\"publisher\":{\"@id\":\"https:\/\/www.paulofreitascosta.pt\/pt\/#organization\"},\"alternateName\":\"M\u00e9dico Oftalmologista do Porto\",\"potentialAction\":[{\"@type\":\"SearchAction\",\"target\":{\"@type\":\"EntryPoint\",\"urlTemplate\":\"https:\/\/www.paulofreitascosta.pt\/pt\/?s={search_term_string}\"},\"query-input\":{\"@type\":\"PropertyValueSpecification\",\"valueRequired\":true,\"valueName\":\"search_term_string\"}}],\"inLanguage\":\"pt-PT\"},{\"@type\":\"Organization\",\"@id\":\"https:\/\/www.paulofreitascosta.pt\/pt\/#organization\",\"name\":\"Dr. Paulo Freitas da Costa\",\"url\":\"https:\/\/www.paulofreitascosta.pt\/pt\/\",\"logo\":{\"@type\":\"ImageObject\",\"inLanguage\":\"pt-PT\",\"@id\":\"https:\/\/www.paulofreitascosta.pt\/pt\/#\/schema\/logo\/image\/\",\"url\":\"https:\/\/www.paulofreitascosta.pt\/wp-content\/uploads\/2019\/06\/logo@2x.png\",\"contentUrl\":\"https:\/\/www.paulofreitascosta.pt\/wp-content\/uploads\/2019\/06\/logo@2x.png\",\"width\":664,\"height\":112,\"caption\":\"Dr. Paulo Freitas da Costa\"},\"image\":{\"@id\":\"https:\/\/www.paulofreitascosta.pt\/pt\/#\/schema\/logo\/image\/\"},\"sameAs\":[\"https:\/\/www.linkedin.com\/in\/paulo-freitas-da-costa-9b3bba38?lipi=urn:li:page:d_flagship3_profile_view_base_contact_details;WRsznGiSQByVqznWT4y3nA==\",\"https:\/\/www.instagram.com\/drpaulofreitasdacosta\/\"]},{\"@type\":\"Person\",\"@id\":\"https:\/\/www.paulofreitascosta.pt\/pt\/#\/schema\/person\/aaf468ef543eee53a7a67232a80f0a1c\",\"name\":\"S\u00e9rgio\",\"url\":\"https:\/\/www.paulofreitascosta.pt\/pt\/author\/developer\/\"}]}<\/script>\n<!-- \/ Yoast SEO plugin. -->","yoast_head_json":{"title":"Encerramento de Ciclo no Hospital CUF Porto, a partir de Jan 2025","description":"Esta decis\u00e3o, embora dif\u00edcil, reflete a necessidade de reestruturar, harmonizando as minhas responsabilidades enquanto m\u00e9dico.","robots":{"index":"index","follow":"follow","max-snippet":"max-snippet:-1","max-image-preview":"max-image-preview:large","max-video-preview":"max-video-preview:-1"},"canonical":"https:\/\/www.paulofreitascosta.pt\/pt\/uma-nova-etapa-a-partir-de-janeiro-2025-encerramento-de-ciclo-no-hospital-cuf-porto\/","og_locale":"pt_PT","og_type":"article","og_title":"[:pt]Encerramento de Ciclo no Hospital CUF Porto, a partir de Jan 2025[:]","og_description":"[:pt]Esta decis\u00e3o, embora dif\u00edcil, reflete a necessidade de reestruturar, harmonizando as minhas responsabilidades enquanto m\u00e9dico.[:en]This decision, reflects the necessity of restructuring my weekly schedule to balance my responsibilities as a clinician and surgeon.[:]","og_url":"https:\/\/www.paulofreitascosta.pt\/pt\/uma-nova-etapa-a-partir-de-janeiro-2025-encerramento-de-ciclo-no-hospital-cuf-porto\/","og_site_name":"Dr. Paulo Freitas da Costa - Especialista de Oftalmologia e Oftalmologia Pedi\u00e1trica","article_published_time":"2024-12-30T10:54:42+00:00","article_modified_time":"2024-12-30T15:47:26+00:00","og_image":[{"width":1800,"height":1200,"url":"https:\/\/www.paulofreitascosta.pt\/wp-content\/uploads\/2024\/12\/unnamed-1_low.jpg","type":"image\/jpeg"}],"author":"S\u00e9rgio","twitter_card":"summary_large_image","schema":{"@context":"https:\/\/schema.org","@graph":[{"@type":"Article","@id":"https:\/\/www.paulofreitascosta.pt\/en\/uma-nova-etapa-a-partir-de-janeiro-2025-encerramento-de-ciclo-no-hospital-cuf-porto\/#article","isPartOf":{"@id":"https:\/\/www.paulofreitascosta.pt\/en\/uma-nova-etapa-a-partir-de-janeiro-2025-encerramento-de-ciclo-no-hospital-cuf-porto\/"},"author":{"name":"S\u00e9rgio","@id":"https:\/\/www.paulofreitascosta.pt\/pt\/#\/schema\/person\/aaf468ef543eee53a7a67232a80f0a1c"},"headline":"Uma nova etapa a partir de Janeiro 2025: Encerramento de Ciclo no Hospital CUF Porto","datePublished":"2024-12-30T10:54:42+00:00","dateModified":"2024-12-30T15:47:26+00:00","mainEntityOfPage":{"@id":"https:\/\/www.paulofreitascosta.pt\/en\/uma-nova-etapa-a-partir-de-janeiro-2025-encerramento-de-ciclo-no-hospital-cuf-porto\/"},"wordCount":1415,"publisher":{"@id":"https:\/\/www.paulofreitascosta.pt\/pt\/#organization"},"image":{"@id":"https:\/\/www.paulofreitascosta.pt\/en\/uma-nova-etapa-a-partir-de-janeiro-2025-encerramento-de-ciclo-no-hospital-cuf-porto\/#primaryimage"},"thumbnailUrl":"https:\/\/www.paulofreitascosta.pt\/wp-content\/uploads\/2024\/12\/unnamed-1_low.jpg","articleSection":["noticias"],"inLanguage":"pt-PT"},{"@type":"WebPage","@id":"https:\/\/www.paulofreitascosta.pt\/en\/uma-nova-etapa-a-partir-de-janeiro-2025-encerramento-de-ciclo-no-hospital-cuf-porto\/","url":"https:\/\/www.paulofreitascosta.pt\/en\/uma-nova-etapa-a-partir-de-janeiro-2025-encerramento-de-ciclo-no-hospital-cuf-porto\/","name":"Encerramento de Ciclo no Hospital CUF Porto, a partir de Jan 2025","isPartOf":{"@id":"https:\/\/www.paulofreitascosta.pt\/pt\/#website"},"primaryImageOfPage":{"@id":"https:\/\/www.paulofreitascosta.pt\/en\/uma-nova-etapa-a-partir-de-janeiro-2025-encerramento-de-ciclo-no-hospital-cuf-porto\/#primaryimage"},"image":{"@id":"https:\/\/www.paulofreitascosta.pt\/en\/uma-nova-etapa-a-partir-de-janeiro-2025-encerramento-de-ciclo-no-hospital-cuf-porto\/#primaryimage"},"thumbnailUrl":"https:\/\/www.paulofreitascosta.pt\/wp-content\/uploads\/2024\/12\/unnamed-1_low.jpg","datePublished":"2024-12-30T10:54:42+00:00","dateModified":"2024-12-30T15:47:26+00:00","description":"Esta decis\u00e3o, embora dif\u00edcil, reflete a necessidade de reestruturar, harmonizando as minhas responsabilidades enquanto m\u00e9dico.","breadcrumb":{"@id":"https:\/\/www.paulofreitascosta.pt\/en\/uma-nova-etapa-a-partir-de-janeiro-2025-encerramento-de-ciclo-no-hospital-cuf-porto\/#breadcrumb"},"inLanguage":"pt-PT","potentialAction":[{"@type":"ReadAction","target":["https:\/\/www.paulofreitascosta.pt\/en\/uma-nova-etapa-a-partir-de-janeiro-2025-encerramento-de-ciclo-no-hospital-cuf-porto\/"]}]},{"@type":"ImageObject","inLanguage":"pt-PT","@id":"https:\/\/www.paulofreitascosta.pt\/en\/uma-nova-etapa-a-partir-de-janeiro-2025-encerramento-de-ciclo-no-hospital-cuf-porto\/#primaryimage","url":"https:\/\/www.paulofreitascosta.pt\/wp-content\/uploads\/2024\/12\/unnamed-1_low.jpg","contentUrl":"https:\/\/www.paulofreitascosta.pt\/wp-content\/uploads\/2024\/12\/unnamed-1_low.jpg","width":1800,"height":1200,"caption":"Dr Paulo Freitas da Costa"},{"@type":"BreadcrumbList","@id":"https:\/\/www.paulofreitascosta.pt\/en\/uma-nova-etapa-a-partir-de-janeiro-2025-encerramento-de-ciclo-no-hospital-cuf-porto\/#breadcrumb","itemListElement":[{"@type":"ListItem","position":1,"name":"Home","item":"https:\/\/www.paulofreitascosta.pt\/pt\/"},{"@type":"ListItem","position":2,"name":"A New Chapter Starting January 2025: Closing a Cycle at CUF Porto Hospital"}]},{"@type":"WebSite","@id":"https:\/\/www.paulofreitascosta.pt\/pt\/#website","url":"https:\/\/www.paulofreitascosta.pt\/pt\/","name":"Dr. Paulo Freitas da Costa - Especialista de Oftalmologia e Oftalmologia Pedi\u00e1trica","description":"Especialista de Oftalmologia e Oftalmologia Pedi\u00e1trica","publisher":{"@id":"https:\/\/www.paulofreitascosta.pt\/pt\/#organization"},"alternateName":"M\u00e9dico Oftalmologista do Porto","potentialAction":[{"@type":"SearchAction","target":{"@type":"EntryPoint","urlTemplate":"https:\/\/www.paulofreitascosta.pt\/pt\/?s={search_term_string}"},"query-input":{"@type":"PropertyValueSpecification","valueRequired":true,"valueName":"search_term_string"}}],"inLanguage":"pt-PT"},{"@type":"Organization","@id":"https:\/\/www.paulofreitascosta.pt\/pt\/#organization","name":"Dr. Paulo Freitas da Costa","url":"https:\/\/www.paulofreitascosta.pt\/pt\/","logo":{"@type":"ImageObject","inLanguage":"pt-PT","@id":"https:\/\/www.paulofreitascosta.pt\/pt\/#\/schema\/logo\/image\/","url":"https:\/\/www.paulofreitascosta.pt\/wp-content\/uploads\/2019\/06\/logo@2x.png","contentUrl":"https:\/\/www.paulofreitascosta.pt\/wp-content\/uploads\/2019\/06\/logo@2x.png","width":664,"height":112,"caption":"Dr. Paulo Freitas da Costa"},"image":{"@id":"https:\/\/www.paulofreitascosta.pt\/pt\/#\/schema\/logo\/image\/"},"sameAs":["https:\/\/www.linkedin.com\/in\/paulo-freitas-da-costa-9b3bba38?lipi=urn:li:page:d_flagship3_profile_view_base_contact_details;WRsznGiSQByVqznWT4y3nA==","https:\/\/www.instagram.com\/drpaulofreitasdacosta\/"]},{"@type":"Person","@id":"https:\/\/www.paulofreitascosta.pt\/pt\/#\/schema\/person\/aaf468ef543eee53a7a67232a80f0a1c","name":"S\u00e9rgio","url":"https:\/\/www.paulofreitascosta.pt\/pt\/author\/developer\/"}]}},"_links":{"self":[{"href":"https:\/\/www.paulofreitascosta.pt\/pt\/wp-json\/wp\/v2\/posts\/1552","targetHints":{"allow":["GET"]}}],"collection":[{"href":"https:\/\/www.paulofreitascosta.pt\/pt\/wp-json\/wp\/v2\/posts"}],"about":[{"href":"https:\/\/www.paulofreitascosta.pt\/pt\/wp-json\/wp\/v2\/types\/post"}],"author":[{"embeddable":true,"href":"https:\/\/www.paulofreitascosta.pt\/pt\/wp-json\/wp\/v2\/users\/2"}],"replies":[{"embeddable":true,"href":"https:\/\/www.paulofreitascosta.pt\/pt\/wp-json\/wp\/v2\/comments?post=1552"}],"version-history":[{"count":10,"href":"https:\/\/www.paulofreitascosta.pt\/pt\/wp-json\/wp\/v2\/posts\/1552\/revisions"}],"predecessor-version":[{"id":1567,"href":"https:\/\/www.paulofreitascosta.pt\/pt\/wp-json\/wp\/v2\/posts\/1552\/revisions\/1567"}],"wp:featuredmedia":[{"embeddable":true,"href":"https:\/\/www.paulofreitascosta.pt\/pt\/wp-json\/wp\/v2\/media\/1566"}],"wp:attachment":[{"href":"https:\/\/www.paulofreitascosta.pt\/pt\/wp-json\/wp\/v2\/media?parent=1552"}],"wp:term":[{"taxonomy":"category","embeddable":true,"href":"https:\/\/www.paulofreitascosta.pt\/pt\/wp-json\/wp\/v2\/categories?post=1552"},{"taxonomy":"post_tag","embeddable":true,"href":"https:\/\/www.paulofreitascosta.pt\/pt\/wp-json\/wp\/v2\/tags?post=1552"}],"curies":[{"name":"wp","href":"https:\/\/api.w.org\/{rel}","templated":true}]}}